{"id":1208,"date":"2026-03-03T18:47:39","date_gmt":"2026-03-03T15:47:39","guid":{"rendered":"https:\/\/real.sa\/costa-araucania\/"},"modified":"2026-03-03T18:47:39","modified_gmt":"2026-03-03T15:47:39","slug":"costa-araucania","status":"publish","type":"post","link":"https:\/\/real.sa\/ar\/costa-araucania\/","title":{"rendered":"Costa Araucan\u00eda"},"content":{"rendered":"<div id=\"toc\" style=\"background: #f9f9f9;border: 1px solid #aaa;display: table;margin-bottom: 1em;padding: 1em;width: 350px;\">\n<p class=\"toctitle\" style=\"font-weight: 700;text-align: center;\">Content<\/p>\n<ul class=\"toc_list\">\n<li><a href=\"#toc-0\">Concurso de riego por m\u00e1s de $730 millones para Zona de Rezago Costa Araucan\u00eda abri\u00f3 INDAP<\/a><\/li>\n<li><a href=\"#toc-3\">EEUU analiza un acuerdo de 20.000 millones de d\u00f3lares por el uranio enriquecido de Ir\u00e1n<\/a><\/li>\n<li><a href=\"#toc-4\">En nuestro Servicio el Comit\u00e9 Directivo Local est\u00e1 integrado por:<\/a><\/li>\n<li><a href=\"#toc-5\">Un territorio con identidad y potencial sustentable<\/a><\/li>\n<\/ul>\n<\/div>\n<p>Esta experiencia comienza navegando por el r\u00edo Tolt\u00e9n, donde descubrir\u00e1s mitos y leyendas locales junto a un gu\u00eda, adem\u00e1s de realizar observaci\u00f3n de aves con equipo profesional. Los docentes fueron recibidos por el Director Ejecutivo del SLEP Costa Araucan\u00eda, Juan Carlos Dur\u00e1n, quien les plante\u00f3 el desaf\u00edo de liderar y construir una nueva organizaci\u00f3n en el territorio en conjunto y los llam\u00f3 a ser protagonistas de esta nueva educaci\u00f3n p\u00fablica. Con la ayuda de un gu\u00eda local, conocer\u00e1s las intrincadas historias, mitos y leyendas de la localidad de Tolt\u00e9n mientras admiras la naturaleza pr\u00edstina y serenidad absoluta que rodea al r\u00edo. Ser el medio de comunicaci\u00f3n m\u00e1s importante de la regi\u00f3n de La Araucan\u00eda, donde tanto medios nacionales como internacionales buscan informaci\u00f3n o la corroboran, as\u00ed como lo hace la ciudadan\u00eda de la regi\u00f3n y el pa\u00eds. Hay una econom\u00eda pujante en esos territorios, por lo tanto, los recursos que ah\u00ed se colocan tienen un impacto positivo, tanto en el desarrollo de ciertos destinos como tambi\u00e9n en la empleabilidad\u201d.<\/p>\n<h2 id=\"toc-0\">Concurso de riego por m\u00e1s de $730 millones para Zona de Rezago Costa Araucan\u00eda abri\u00f3 INDAP<\/h2>\n<p>Gotaris expres\u00f3 que \u201ces muy importante, para poder fomentar en este caso el turismo regional, que la ciudadan\u00eda en general pueda compartir y conocer la Costa Araucan\u00eda, que es lo que estamos haciendo, invitando a la comunidad. Nosotros queremos en un futuro muy pr\u00f3ximo, dentro de las pr\u00f3ximas semanas o meses, tener un convenio firmado con Sernatur, hacer actividades en conjunto y que la comunidad se pueda reunir en el Patio Outlet de Temuco\u201d. Por su parte, Osvaldo Gortaris, gerente de Patio Outlet Temuco, destac\u00f3 la idea de facilitar estos espacios para que la comunidad de la capital regional pueda conocer un poco m\u00e1s los destinos tur\u00edsticos de La Araucan\u00eda, considerando que esta feria ser\u00eda la primera de muchas, ya que existen acuerdos previos que permitir\u00edan firmar un convenio entre Patio Outlet Temuco y Sernatur Araucan\u00eda. Iniciativa relevante de acuerdo a palabras del director de Sernatur Araucan\u00eda, Alexis Figueroa, quien asegur\u00f3 que visibilizar la oferta de cada territorio es uno de los objetivos primordiales del servicio y que las personas de nuestra regi\u00f3n conozcan m\u00e1s y mejor las bondades de La Araucan\u00eda. Con el prop\u00f3sito de acercar los servicios tur\u00edsticos y toda la oferta que posee el destino a la comunidad de Temuco y sus alrededores, nace la Feria Descubre, desarrollada desde el 3 al 5 de junio en dependencias del Patio Outlet Temuco, brindando de esta manera una importante vitrina a quienes trabajan en torno a esta industria y que necesitan mostrar sus emprendimientos y negocios. El 59% de las escuelas y liceos p\u00fablicos del territorio son rurales y s\u00f3lo un 34% se ubican en la zona urbana.<\/p>\n<p>Desde el Mirador Pe\u00f1ehue sobre el majestuoso R\u00edo Tolt\u00e9n hasta el Mirador Saavedra en Playa Maule, cada uno cuenta una historia \u00fanica ligada a los cursos fluviales que fueron vitales para la regi\u00f3n. \u201cEn esta ocasi\u00f3n me gustar\u00eda sugerirles otros destinos, tal vez no tan conocidos, pero igualmente hermosos y llamativos donde podr\u00e1n encontrar muchos atractivos y actividades que simplemente los sorprender\u00e1n. Al norte encuentras el pueblo de Nehuentue, conocido en la zona por su buena gastronom\u00eda a convenientes precios. UBICACIONLa regi\u00f3n de La Araucan\u00eda se ubica en la Zona Sur de Chile y se extiende entre los 37\u00b035\u2019 y 39\u00b037\u2019 latitud Sur y desde 70\u00b050\u2019 longitud Oeste hasta el Oc\u00e9ano Pac\u00edfico. Tiene una superficie de 31.842,3 km2, que&nbsp;representa el 4,2 por ciento del territorio nacional continental. Cuenta con m\u00faltiples senderos y miradores, siendo un imperdible el mirador Piedra del \u00c1guila el m\u00e1s conocido por estar a 1400 msnm desde donde podr\u00e1s ver una vista en 360\u00ba del Parque Nacional, el mar y la cordillera de los Andes.<\/p>\n<p>Diversas gestiones y estrategias que se han aplicado a lo largo del a\u00f1o con el prop\u00f3sito de seguir reactivando la econom\u00eda tur\u00edstica en La Araucan\u00eda, buscando captar la atenci\u00f3n no solo de visitantes nacionales, sino tambi\u00e9n extranjeros, permitiendo el crecimiento sostenido de una regi\u00f3n con uno de los potenciales tur\u00edstico m\u00e1s destacados del pa\u00eds. Por su parte, el director de Sernatur Araucan\u00eda, Daniel D\u00edaz, asegur\u00f3 que estas instancias junto con otras estrategias de promoci\u00f3n permiten a la regi\u00f3n darse a conocer como un destino de turismo aventura y cultural de inter\u00e9s mundial. Por otro lado, la ruta Carahue Navegable es una ventana a las maravillas del agua, desde la Estaci\u00f3n Fluvial hasta el incre\u00edble humedal de Monkul. La posibilidad de navegar en kayak por el R\u00edo Tolt\u00e9n o disfrutar de excursiones de pesca en temporada completa la experiencia. La gastronom\u00eda local, rica en identidad, ofrece desde productos del mar hasta exquisiteces mapuches en lugares como Nehuent\u00fae, Caleta La Barra y Saavedra. La Costa Araucan\u00eda, compuesta por las comunas de Imperial, Carahue, Teodoro Schmidt, Tolt\u00e9n y Saavedra, es el lugar perfecto.<\/p>\n<ul>\n<li>La Feria del Carb\u00f3n y la Le\u00f1a se presenta as\u00ed como un panorama imperdible para este fin de semana en Carahue, combinando cultura, gastronom\u00eda, naturaleza y m\u00fasica en un solo lugar, con entrada liberada y un ambiente familiar.<\/li>\n<li>Con gran participaci\u00f3n de las comunidades educativas se desarrollaron las elecciones del Consejo Local, \u00f3rgano de gobernanza que tras dos a\u00f1os de ejercicio renueva a sus integrantes para seguir construyendo una educaci\u00f3n p\u00fablica de calidad e igualitaria para todos los ni\u00f1os, ni\u00f1as y j\u00f3venes de los establecimientos educacionales, pertenecientes al Servicio Local de Educaci\u00f3n P\u00fablica de Costa Araucan\u00eda.<\/li>\n<li>Juntos re\u00fanen una matr\u00edcula de m\u00e1s de 8 mil 500 estudiantes de nivel parvulario, b\u00e1sico, medio y educaci\u00f3n de adultos.<\/li>\n<li>La Regi\u00f3n de la Araucan\u00eda se caracteriza por la presencia de dos hoyas hidrogr\u00e1ficas, las del r\u00edo Imperial y la del r\u00edo Tolt\u00e9n.<\/li>\n<\/ul>\n<h3 id=\"toc-1\">Administraci\u00f3n y Finanzas<\/h3>\n<p>\u201cEstamos realmente contentos porque el tractor ha transformado nuestra vida de manera significativa. Agradecemos al Gobierno Regional y a la Universidad Aut\u00f3noma por su apoyo en este proyecto\u201d, puntualiz\u00f3. Por su parte, el Vicerrector de Sede de la Universidad Aut\u00f3noma de Chile, Dr. Emilio Guerra, asever\u00f3 que estos proyectos fueron una oportunidad para generar un impacto real en la vida de las personas. \u201cLa Universidad se enorgullece de haber contribuido al crecimiento de estos peque\u00f1os productores. La innovaci\u00f3n y la perseverancia de quienes participaron en el programa son inspiradoras\u201d, dijo.<\/p>\n<h2 id=\"toc-2\">Instituto Ant\u00e1rtico Chileno<\/h2>\n<p>En el Centro Comercial La Playita se realiz\u00f3 esta ma\u00f1ana el cierre del proyecto de construcci\u00f3n y mejoramiento de 10 locales del mencionado recinto, iniciativa presentada por los dirigentes con el apoyo de la Municipalidad, al Fondo de Ferias Libres de SERCOTEC, por un monto de 30 millones de pesos. En tanto, Jaime Veas, director de Educaci\u00f3n P\u00fablica, plante\u00f3 que, a trav\u00e9s de esta campa\u00f1a, \u201cla comunidad est\u00e1 invitada a conocer lo que es la Nueva Educaci\u00f3n P\u00fablica para Chile, una de las reformas estructurales m\u00e1s grandes que en los \u00faltimos 30 a\u00f1os ha emprendido nuestro pa\u00eds en t\u00e9rminos de educaci\u00f3n\u201d. Este trabajo colaborativo incluye la cuantificaci\u00f3n de la huella de carbono para mejorar la gesti\u00f3n de emisiones, la reducci\u00f3n de riesgos de desastre y el aumento de la resiliencia frente al cambio clim\u00e1tico. Adem\u00e1s, promueve la articulaci\u00f3n y coordinaci\u00f3n entre los actores p\u00fablicos, privados y comunitarios del turismo, con el prop\u00f3sito de consolidar la gobernanza y la toma de decisiones colaborativas en el territorio.<\/p>\n<p>\u201cPara la cartera de Econom\u00eda es muy importante que se lleven a cabo eventos como este, dado que permiten una adecuada coordinaci\u00f3n entre actores privados especialmente, que son los que tienen que reunirse para estimular y aumentar el n\u00famero de transacciones econ\u00f3micas en torno al turismo que se realiza en nuestra regi\u00f3n\u201d, agreg\u00f3. Cultivo de tierrasDaniel Salas, agricultor del sector de Huenchul en Puerto Saavedra, tambi\u00e9n se ha beneficiado del programa. \u201cEste apoyo me ser\u00e1 de gran utilidad para cultivar las tierras, ya que trabajar con bueyes se est\u00e1 quedando en el pasado y el rendimiento es muy bajo.<\/p>\n<p>\u201cLa costa nos entrega una experiencia \u00fanica, y que no est\u00e1 vinculada solo a un hermoso entorno natural, sino tambi\u00e9n, convergen en su justa medida la exquisita gastronom\u00eda y la cultura mapuche, algo que sin lugar a dudas entrega un valor agregado al destino, y que estamos seguros cautivar\u00e1 a todos quienes se animen a descubrir este maravilloso territorio\u201d. En tanto, la postulaci\u00f3n al programa Emprende Zona de Rezago Costa Araucan\u00eda estar\u00e1 disponible para 65 vecinos que deseen desarrollar o atraer inversiones con alto potencial de crecimiento, mejorando as\u00ed la competitividad de sectores productivos que generan alto empleo y que son parte de la identidad regional, como la industria agroalimentaria, fruticultura, turismo, entre otros. En este marco, el Gobierno Regional entregar\u00e1 un subsidio de hasta $3 millones y medio a los beneficiarios, para implementar planes de trabajo que les permita poner en marcha sus iniciativas productivas. Para los habitantes de Caut\u00edn, el programa Crece Zona de Rezago est\u00e1 enfocado en mejorar la oferta de productos y servicios de empresas de menor tama\u00f1o, vinculadas a actividades agropecuarias, tur\u00edsticas o relacionadas a la pesca y acuicultura. En esta l\u00ednea se entregar\u00e1 un subsidio no reembolsable a 45 microempresarios con tope de $6 millones cada uno pudiendo implementar planes de trabajo, que les permita la reactivaci\u00f3n productiva y comercial.<\/p>\n<p>\u201cEl turismo intrarregional es un elemento bastante importante en la dinamizaci\u00f3n y la reactivaci\u00f3n tur\u00edstica. A nivel regional, solo el 28% de los habitantes recorre dentro de La Araucan\u00eda, por lo cual contar con iniciativas que nos permitan visibilizar los distintos destinos es una herramienta muy relevante. En ese sentido, la Feria Descubre lo que busca es poner a disposici\u00f3n de los visitantes o potenciales turistas una peque\u00f1a muestra de lo que es el Destino Costa\u201d, sostuvo. \u201cEsto naci\u00f3 justamente cuando fuimos a Santiago a hablar con el Ministro de Educaci\u00f3n donde le solicitamos como AMRA venir a capacitar a los DAEM por varios razones entre ellas el traspaso de los SLEP pero tambi\u00e9n aclarar el tema de las cuentas y todo lo que conlleva la Educaci\u00f3n Municipal. Es muy importante lo que se est\u00e1 haciendo <a href=\"costaaraucania.cl\"> costaaraucania.cl<\/a> hoy porque muchos municipios estamos en d\u00e9ficit (\u2026) este no es un problema s\u00f3lo de La Araucan\u00eda sino del pa\u00eds\u201d, dijo la autoridad comunal. Cabe recordar que, en el marco del Protocolo de Acuerdo para la aprobaci\u00f3n de la partida de educaci\u00f3n en el proyecto de Ley de Presupuestos 2024, se acord\u00f3 la realizaci\u00f3n de una evaluaci\u00f3n externa sobre \u201clos procesos de instalaci\u00f3n, implementaci\u00f3n y traspaso, identificando est\u00e1ndares que deber\u00e1n cumplir los nuevos SLEP para realizar el correcto traspaso del servicio educativo\u201d.<\/p>\n<p>La iniciativa ejecutada a trav\u00e9s de la Universidad Aut\u00f3noma de Chile, busca potenciar a empresarios tur\u00edsticos y pescadores artesanales a trav\u00e9s de estas alternativas que buscan hacer crecer sus negocios, fortaleciendo la econom\u00eda familiar, y dando nuevas oportunidades de trabajo a los beneficiados. Por su parte, Emilio Guerra, Vicerrector de la Universidad Aut\u00f3noma de Chile Sede Temuco, se mostr\u00f3 optimista y resalt\u00f3 la experiencia enriquecedora obtenida durante la primera versi\u00f3n del programa. Guerra invit\u00f3 a los interesados a postular a este programa que combina inversi\u00f3n y acompa\u00f1amiento t\u00e9cnico. El Complejo Dar\u00edo Salas funcionar\u00e1 como Sede Norte y agrupar\u00e1 a docentes provenientes de las comunas de Nueva Imperial, Carahue y Puerto Saavedra, esperando la llegada de m\u00e1s de 580 profesionales, que se repartir\u00e1n en 18 secciones.<\/p>\n<p>Para quienes buscan naturaleza, cultura y experiencias aut\u00e9nticas, este territorio invita a tomar los caminos costeros y descubrir, paso a paso, uno de los secretos mejor guardados del pa\u00eds. Paseos en bote, kayak o wampo (canoa tradicional), alojamiento en rukas o caba\u00f1as, y gastronom\u00eda mapuche \u2014tanto tradicional como de autor\u2014 forman parte de las experiencias disponibles. Emprendedores locales han impulsado un modelo de turismo sostenible que pone en valor el territorio y su identidad.<\/p>\n","protected":false},"excerpt":{"rendered":"<p>Content Concurso de riego por m\u00e1s de $730 millones para Zona de Rezago Costa Araucan\u00eda abri\u00f3 INDAP EEUU analiza un acuerdo de 20.000 millones de d\u00f3lares por el uranio enriquecido de Ir\u00e1n En nuestro Servicio el Comit\u00e9 Directivo Local est\u00e1 integrado por: Un territorio con identidad y potencial sustentable Esta experiencia comienza navegando por el [&hellip;]<\/p>\n","protected":false},"author":7,"featured_media":0,"comment_status":"open","ping_status":"open","sticky":false,"template":"","format":"standard","meta":[],"categories":[54],"tags":[],"acf":[],"_links":{"self":[{"href":"https:\/\/real.sa\/ar\/wp-json\/wp\/v2\/posts\/1208"}],"collection":[{"href":"https:\/\/real.sa\/ar\/wp-json\/wp\/v2\/posts"}],"about":[{"href":"https:\/\/real.sa\/ar\/wp-json\/wp\/v2\/types\/post"}],"author":[{"embeddable":true,"href":"https:\/\/real.sa\/ar\/wp-json\/wp\/v2\/users\/7"}],"replies":[{"embeddable":true,"href":"https:\/\/real.sa\/ar\/wp-json\/wp\/v2\/comments?post=1208"}],"version-history":[{"count":0,"href":"https:\/\/real.sa\/ar\/wp-json\/wp\/v2\/posts\/1208\/revisions"}],"wp:attachment":[{"href":"https:\/\/real.sa\/ar\/wp-json\/wp\/v2\/media?parent=1208"}],"wp:term":[{"taxonomy":"category","embeddable":true,"href":"https:\/\/real.sa\/ar\/wp-json\/wp\/v2\/categories?post=1208"},{"taxonomy":"post_tag","embeddable":true,"href":"https:\/\/real.sa\/ar\/wp-json\/wp\/v2\/tags?post=1208"}],"curies":[{"name":"wp","href":"https:\/\/api.w.org\/{rel}","templated":true}]}}