{"id":1232,"date":"2026-03-25T13:59:41","date_gmt":"2026-03-25T10:59:41","guid":{"rendered":"https:\/\/real.sa\/mainz-macht-ernst-800-mio-euro-in-die\/"},"modified":"2026-03-25T13:59:41","modified_gmt":"2026-03-25T10:59:41","slug":"mainz-macht-ernst-800-mio-euro-in-die","status":"publish","type":"post","link":"https:\/\/real.sa\/ar\/mainz-macht-ernst-800-mio-euro-in-die\/","title":{"rendered":"Mainz macht ernst 800 Mio Euro in die Biotechnologie Dr. Julia Sch\u00fcler"},"content":{"rendered":"<div id=\"toc\" style=\"background: #f9f9f9;border: 1px solid #aaa;display: table;margin-bottom: 1em;padding: 1em;width: 350px;\">\n<p class=\"toctitle\" style=\"font-weight: 700;text-align: center;\">Content<\/p>\n<ul class=\"toc_list\">\n<li><a href=\"#toc-0\">Erreichbarkeit des Teams<\/a><\/li>\n<li><a href=\"#toc-1\">Julia Sch\u00fcler &#8211; World Music On Classical Guitar<\/a><\/li>\n<li><a href=\"#toc-2\">Wie Julias Therapiehund ihren Unterricht und die Klasse in der Schule unterst\u00fctzt<\/a><\/li>\n<li><a href=\"#toc-4\">Biotech verstehen<\/a><\/li>\n<\/ul>\n<\/div>\n<p>Zu Beginn der Jahrgangsstufe 11 findet im Klassenverband eine Kennenlern-Fahrt in Form eines Segelt\u00f6rns auf dem niederl\u00e4ndischen Ijsselmeer statt. In einer einj\u00e4hrigen Einf\u00fchrungsphase (Jahrgangsstufe 11) findet der Unterricht im Klassenverband statt. Der 17-j\u00e4hrige Gregor H\u00e4gele aus Stuttgart hatte bislang noch keine Auftritte als Musiker \u2013 obwohl er schon lange Gesangsunterricht nimmt. Die Polizei war mit einem Gro\u00dfaufgebot im Einsatz &#8211; auch mit Spezialeinsatzkr\u00e4ften sowie einem Notinterventionsteam. Hier finden Sie die Kontaktdaten f\u00fcr alle Fragen zur Produkt-Sicherheit. Erst f\u00fcr die Liebe und dann f\u00fcr die Freiheit aller anderen nimmt Spartacus den Kampf mit den R\u00f6mern auf.<\/p>\n<h2 id=\"toc-0\">Erreichbarkeit des Teams<\/h2>\n<p>Polizeisprecher M\u00e4nz erkl\u00e4rt, dass man sich zu dieser Ma\u00dfnahme entschlossen habe, um sicherzugehen, dass niemand gef\u00e4hrliche Gegenst\u00e4nde mit in die Schule nimmt. Eine Polizistin entfernt das Flatterband an der Gie\u00dfbergstra\u00dfe. Jannik, der Einzelhandelskaufmann lernt, w\u00fcrde es besser finden, wenn die Schule komplett ausfiele. Auch das Notinterventionsteam und Spezialkr\u00e4fte seien im Einsatz. Der Unterricht soll dann auch wieder stattfinden.<\/p>\n<h3 id=\"toc-1\">Julia Sch\u00fcler &#8211; World Music On Classical Guitar<\/h3>\n<p>Die Stadthalle war am Tag zuvor von den Sch\ufffdlern unter der Leitung des Abiballteams bestuhlt und dekoriert worden. C\ufffddric J\ufffdrg Karl Bellmann wurde au\ufffderdem mit dem Preis der Kultusministerin f\ufffdr seinen au\ufffderordentlichen Einsatz f\ufffdr die <a href=\"https:\/\/www.julia-schueler.de\/\">julia sch\u00fcler<\/a> Stufengemeinschaft ausgezeichnet. Gegen den Regionalligisten Bahlinger SC hat den Dammenm\u00fchlen-Kickern im Halbfinale des Verbandspokals nicht viel gefehlt. Die Sportler blickten auf der Hauptversammlung auf ein erfolgreiches Jahr zur\u00fcck. Wie viel Geld bekommt der Sieger, wo findet das Endspiel statt, was meint der 08-Trainer?<\/p>\n<h2 id=\"toc-2\">Wie Julias Therapiehund ihren Unterricht und die Klasse in der Schule unterst\u00fctzt<\/h2>\n<ul>\n<li>Vor zwei Jahren wechselte Julia als Konrektorin an die Realschule plus Idar-Oberstein und f\u00fchrte eine Spezialklasse ein f\u00fcr harte F\u00e4lle.<\/li>\n<li>Wir w\ufffdnschen der gesamten Stufe und ihren Familien viel Erfolg und Zuversicht f\ufffdr die Zukunft.<\/li>\n<li>Hier finden Sie die Kontaktdaten f\u00fcr alle Fragen zur Produkt-Sicherheit.<\/li>\n<li>Eine Polizistin entfernt das Flatterband an der Gie\u00dfbergstra\u00dfe.<\/li>\n<li>Gemeinsam mit unseren Lehrerinnen Frau Bamberg und Frau Klein unternahmen wir eine Exkursion zur Heimtextilmesse, die j\u00e4hrlich in Frankfurt am Main stattfindet.<\/li>\n<li>Alexandre sucht dringend einen Job und findet ihn in einem Start-up, das keine Kinder erlaubt.<\/li>\n<\/ul>\n<p>Auf dem gro\u00dfen Au\u00dfengel\u00e4nde der Julius-Leber-Schule findet am 31. Die Veranstaltungen finden jeweils freitags im Hochgest\u00fchl statt und dauern 3 Schulstunden.\u2026 Beamte des Hauptzollamtes haben am Donnerstag ein Gesch\u00e4ft im Zentrum der vogtl\u00e4ndischen Kreisstadt \u00fcberpr\u00fcft. Nach der Premiere im Theater ist f\u00fcr eine Freiberger Lehrerin klar, warum \u201eRomeo und Julia\u201c auch f\u00fcr Schulklassen taugt. Eine \u00dcbersicht, was ich darunter verstehe, finden Sie hier. Ein Ausweis meiner Expertise findet sich im Fach-buch &quot;Die Biotechnologie-Industrie&quot;, knapp 450 Seiten ver\u00f6ffentlicht von Springer im Fr\u00fchjahr 2016.<\/p>\n<p>Erste Frage direkt hier so spontaner Smallt, wie l\u00e4uft die Challenge Rotvorbereitung? &amp;#128131; Spare 10% auf @ryzon-apparel Bekleidung &amp;#128131; Unseren Affiliate Code findet ihr \u00fcber den Link Richie&#8217;s &amp; Tobi&#8217;s Favoriten Unsere Schuldisco in der Turnhalle war ein voller Erfolg und die Stimmung durchweg positv und sehr friedlich. Beim freiwilligen Arbeitseinsatz zur Schulhofgestaltung haben wir gemeinsam viel erreicht. Hier finden Sie alle wichtigen Informationen rund um unsere Schule, aktuelle Neuigkeiten, Termine und spannende Einblicke in unseren Schulalltag. Einen \u00dcberblick \u00fcber unsere Schularten finden Sie hier (mit Links zu weiteren Details).<\/p>\n<p>Ihr Experte f\u00fcr Tresor\u00f6ffnungen in Hamburg, Schleswig-Holstein und ganz Norddeutschland, bundesweit &#8211; weltweit Sie finden sich in Museen, Archiven und privaten Sammlungen. Mainz macht ernst mit der #biotechnologie und baut sich mit Roland Berger einen Masterplan um mit satten 800 Mio. Weitere Infos zur Sendung finden Sie unter -voice-of-germany.de Vor der Musik-Show-Aufzeichnung in Berlin wurde sie n\u00e4mlich in der \u201eAlten Post\u201c von einem Fernsehteam \u00fcberrascht, vor der Kamera waren neben Julia Sch\u00fcler ihre Bewohner Heidi, Harald, Eva und Abdul.<\/p>\n<p>Alle Kandidaten aus Baden-W\u00fcrttemberg finden Sie auch in unserer Bildergalerie. Ein \u201eeher w\u00fctendes\u201c Lied, findet die Mitarbeiterin der Paulinenpflege. So kam es schon vor, dass sich eine Klasse um den Schulgarten gek\u00fcmmert oder sich mit Musik im Projektunterricht ausprobiert hat. Vor zwei Jahren wechselte Julia als Konrektorin an die Realschule plus Idar-Oberstein und f\u00fchrte eine Spezialklasse ein f\u00fcr harte F\u00e4lle. Sie ist 38, voll t\u00e4towiert, geht in ihrer Freizeit schie\u00dfen, macht Pole-Dance und nimmt ihre beiden franz\u00f6sischen Bulldoggen mit in den Unterricht. \u201eIch f\u00fchl mich sicher.\u201c Er findet es gut, dass die Beamten die Drohung ernst genommen haben.<\/p>\n<p>Die kombinierten Zitate werden nur f\ufffdr den ersten Artikel gez\ufffdhlt.<\/p>\n<p>Malina Stark (22, aus Mutterstadt bei Mannheim) studiert derzeit in Stuttgart Kommunikationswissenschaft. Die promovierte Geographin Uta Julia Sch\u00fcler \u00fcbernimmt die Nachfolge von Klaus Krimmel. Es treten deutlich weniger F\ufffdlle von Darmkrebs auf, seit die Kosten f\ufffdr Untersuchungen zur Fr\ufffdherkennung &#8230; Auf der vierten Etappe f\ufffdhrt er Wandernde von der Bergbaustadt Daaden mit ihrer Barockkirche hinauf zu &#8230; Wir w\ufffdnschen der gesamten Stufe und ihren Familien viel Erfolg und Zuversicht f\ufffdr die Zukunft.<\/p>\n<p>Viele Grund- und F\u00f6rderschulen in Niedersachsen beteiligen Sch\u00fclerinnen und Sch\u00fcler bereits ganz selbstverst\u00e4ndlich an schulischen Entscheidungen. Das Kabinett hat dem Gesetzentwurf bereits zugestimmt und zur Verbandsbeteiligung freigegeben. Sch\u00fcller beschreibt ihre gemeinsame Spielzeit in Jungen-Mannschaften als wichtige Erfahrung ihrer Karriere, da sie Tempo und K\u00f6rpereinsatz mehr lernen musste, um sich physisch durchzusetzen.<\/p>\n<h3 id=\"toc-5\">So sieht der Unterricht von Lehrerin Julia in der Schule in Idar-Oberstein aus<\/h3>\n<p>Ein deutscher Film, der sich das Marvel-Thema Multiversum vornimmt? Alexandre sucht dringend einen Job und findet ihn in einem Start-up, das keine Kinder erlaubt. Im Unterricht und dem gemeinsamen Schulleben finden sich Impulse und M\u00f6glichkeiten f\u00fcr die Entwicklung eines pers\u00f6nlichen Gesundheitsempfindens mit individuellen und sozialen Bez\u00fcgen. F\u00fcr Insta hie\u00df es lange nicht umsonst, Bilder m\u00fcssen besonders schick, \u201einstagrammable\u201c, sein. Wenn wir etwa eine Reportage \u00fcber den Kampf um Bachmut in der Ukraine ver\u00f6ffentlichen, und ein Zuschauer fragt, was wir in dem Moment empfinden, wenn eine Granate in der N\u00e4he einschl\u00e4gt, kann ich direkt darauf antworten\u201c, erkl\u00e4rt er.<\/p>\n","protected":false},"excerpt":{"rendered":"<p>Content Erreichbarkeit des Teams Julia Sch\u00fcler &#8211; World Music On Classical Guitar Wie Julias Therapiehund ihren Unterricht und die Klasse in der Schule unterst\u00fctzt Biotech verstehen Zu Beginn der Jahrgangsstufe 11 findet im Klassenverband eine Kennenlern-Fahrt in Form eines Segelt\u00f6rns auf dem niederl\u00e4ndischen Ijsselmeer statt. In einer einj\u00e4hrigen Einf\u00fchrungsphase (Jahrgangsstufe 11) findet der Unterricht im [&hellip;]<\/p>\n","protected":false},"author":7,"featured_media":0,"comment_status":"open","ping_status":"open","sticky":false,"template":"","format":"standard","meta":[],"categories":[],"tags":[],"acf":[],"_links":{"self":[{"href":"https:\/\/real.sa\/ar\/wp-json\/wp\/v2\/posts\/1232"}],"collection":[{"href":"https:\/\/real.sa\/ar\/wp-json\/wp\/v2\/posts"}],"about":[{"href":"https:\/\/real.sa\/ar\/wp-json\/wp\/v2\/types\/post"}],"author":[{"embeddable":true,"href":"https:\/\/real.sa\/ar\/wp-json\/wp\/v2\/users\/7"}],"replies":[{"embeddable":true,"href":"https:\/\/real.sa\/ar\/wp-json\/wp\/v2\/comments?post=1232"}],"version-history":[{"count":0,"href":"https:\/\/real.sa\/ar\/wp-json\/wp\/v2\/posts\/1232\/revisions"}],"wp:attachment":[{"href":"https:\/\/real.sa\/ar\/wp-json\/wp\/v2\/media?parent=1232"}],"wp:term":[{"taxonomy":"category","embeddable":true,"href":"https:\/\/real.sa\/ar\/wp-json\/wp\/v2\/categories?post=1232"},{"taxonomy":"post_tag","embeddable":true,"href":"https:\/\/real.sa\/ar\/wp-json\/wp\/v2\/tags?post=1232"}],"curies":[{"name":"wp","href":"https:\/\/api.w.org\/{rel}","templated":true}]}}